{"id":15490,"date":"2020-11-18T17:28:32","date_gmt":"2020-11-18T17:28:32","guid":{"rendered":"https:\/\/blog.washrocks.com\/?p=15490"},"modified":"2020-11-19T10:32:58","modified_gmt":"2020-11-19T10:32:58","slug":"tips-para-desinfectar-la-mascarilla","status":"publish","type":"post","link":"https:\/\/washrocks.com\/blog\/tips-para-desinfectar-la-mascarilla\/","title":{"rendered":"Tips para desinfectar la mascarilla"},"content":{"rendered":"\n\n<div class=\"kk-star-ratings kksr-auto kksr-align-left kksr-valign-top kksr-disabled\"\n    data-payload='{&quot;align&quot;:&quot;left&quot;,&quot;id&quot;:&quot;15490&quot;,&quot;readonly&quot;:&quot;1&quot;,&quot;slug&quot;:&quot;default&quot;,&quot;valign&quot;:&quot;top&quot;,&quot;ignore&quot;:&quot;&quot;,&quot;reference&quot;:&quot;auto&quot;,&quot;class&quot;:&quot;&quot;,&quot;count&quot;:&quot;0&quot;,&quot;legendonly&quot;:&quot;&quot;,&quot;score&quot;:&quot;0&quot;,&quot;starsonly&quot;:&quot;&quot;,&quot;best&quot;:&quot;5&quot;,&quot;gap&quot;:&quot;5&quot;,&quot;greet&quot;:&quot;Rate this post&quot;,&quot;legend&quot;:&quot;0\\\/5 - (0 votos)&quot;,&quot;size&quot;:&quot;24&quot;,&quot;title&quot;:&quot;Tips para desinfectar la mascarilla&quot;,&quot;width&quot;:&quot;0&quot;,&quot;_legend&quot;:&quot;{score}\\\/{best} - ({count} {votes})&quot;,&quot;font_factor&quot;:&quot;1.25&quot;}'>\n            \n<div class=\"kksr-stars\">\n    \n<div class=\"kksr-stars-inactive\">\n            <div class=\"kksr-star\" data-star=\"1\" style=\"padding-right: 5px\">\n            \n\n<div class=\"kksr-icon\" style=\"width: 24px; height: 24px;\"><\/div>\n        <\/div>\n            <div class=\"kksr-star\" data-star=\"2\" style=\"padding-right: 5px\">\n            \n\n<div class=\"kksr-icon\" style=\"width: 24px; height: 24px;\"><\/div>\n        <\/div>\n            <div class=\"kksr-star\" data-star=\"3\" style=\"padding-right: 5px\">\n            \n\n<div class=\"kksr-icon\" style=\"width: 24px; height: 24px;\"><\/div>\n        <\/div>\n            <div class=\"kksr-star\" data-star=\"4\" style=\"padding-right: 5px\">\n            \n\n<div class=\"kksr-icon\" style=\"width: 24px; height: 24px;\"><\/div>\n        <\/div>\n            <div class=\"kksr-star\" data-star=\"5\" style=\"padding-right: 5px\">\n            \n\n<div class=\"kksr-icon\" style=\"width: 24px; height: 24px;\"><\/div>\n        <\/div>\n    <\/div>\n    \n<div class=\"kksr-stars-active\" style=\"width: 0px;\">\n            <div class=\"kksr-star\" style=\"padding-right: 5px\">\n            \n\n<div class=\"kksr-icon\" style=\"width: 24px; height: 24px;\"><\/div>\n        <\/div>\n            <div class=\"kksr-star\" style=\"padding-right: 5px\">\n            \n\n<div class=\"kksr-icon\" style=\"width: 24px; height: 24px;\"><\/div>\n        <\/div>\n            <div class=\"kksr-star\" style=\"padding-right: 5px\">\n            \n\n<div class=\"kksr-icon\" style=\"width: 24px; height: 24px;\"><\/div>\n        <\/div>\n            <div class=\"kksr-star\" style=\"padding-right: 5px\">\n            \n\n<div class=\"kksr-icon\" style=\"width: 24px; height: 24px;\"><\/div>\n        <\/div>\n            <div class=\"kksr-star\" style=\"padding-right: 5px\">\n            \n\n<div class=\"kksr-icon\" style=\"width: 24px; height: 24px;\"><\/div>\n        <\/div>\n    <\/div>\n<\/div>\n                \n\n<div class=\"kksr-legend\" style=\"font-size: 19.2px;\">\n            <span class=\"kksr-muted\">Rate this post<\/span>\n    <\/div>\n    <\/div>\n<p><img class=\"alignleft wp-image-15491\" title=\"Ten en cuenta que desinfectar la mascarilla permite mantener las propiedades de esta\" src=\"https:\/\/blog.washrocks.com\/wp-content\/uploads\/2020\/11\/mask-4898571_1920-300x200.jpg\" alt=\"Desinfectar las mascarillas es muy importante\" width=\"596\" height=\"397\" srcset=\"https:\/\/washrocks.com\/blog\/wp-content\/uploads\/2020\/11\/mask-4898571_1920-200x133.jpg 200w, https:\/\/washrocks.com\/blog\/wp-content\/uploads\/2020\/11\/mask-4898571_1920-300x200.jpg 300w, https:\/\/washrocks.com\/blog\/wp-content\/uploads\/2020\/11\/mask-4898571_1920-400x267.jpg 400w, https:\/\/washrocks.com\/blog\/wp-content\/uploads\/2020\/11\/mask-4898571_1920-600x400.jpg 600w, https:\/\/washrocks.com\/blog\/wp-content\/uploads\/2020\/11\/mask-4898571_1920-768x512.jpg 768w, https:\/\/washrocks.com\/blog\/wp-content\/uploads\/2020\/11\/mask-4898571_1920-800x533.jpg 800w, https:\/\/washrocks.com\/blog\/wp-content\/uploads\/2020\/11\/mask-4898571_1920-1024x683.jpg 1024w, https:\/\/washrocks.com\/blog\/wp-content\/uploads\/2020\/11\/mask-4898571_1920-1200x800.jpg 1200w, https:\/\/washrocks.com\/blog\/wp-content\/uploads\/2020\/11\/mask-4898571_1920.jpg 1920w\" sizes=\"(max-width: 596px) 100vw, 596px\" \/><\/p>\n<p><span style=\"font-weight: 400;\">Si hay una prenda que est\u00e1 \u201cmarcando tendencia\u201d este 2020 esta es, sin duda alguna, la mascarilla. Adem\u00e1s lavar la mascarilla se ha convertido en nuestra obsesi\u00f3n constante.<\/span><\/p>\n<p><span style=\"font-weight: 400;\">Recientemente hemos empezado a o\u00edr hablar sobre los <a href=\"https:\/\/blog.washrocks.com\/como-desinfectar-la-ropa-para-eliminar-el-coronavirus-covid-19\/\">contagios de Covid-19<\/a> a trav\u00e9s de los aerosoles: esas peque\u00f1as part\u00edculas que quedan suspendidas en el aire y que pueden transmitir el virus hasta los 6 metros. Las medidas para intentar evitar los contagios por aerosoles son la ventilaci\u00f3n y, por supuesto, las mascarillas.<\/span><\/p>\n<p><span style=\"font-weight: 400;\">En estos meses que llevamos conviviendo con la pandemia, nos hemos visto inmersos en una constante cascada de informaci\u00f3n sobre geles hidroalcoh\u00f3licos y los filtros de la mascarilla. Desde<\/span><a href=\"https:\/\/washrocks.com\/\"> <span style=\"font-weight: 400;\">Washrocks<\/span><\/a><span style=\"font-weight: 400;\">\u00a0<\/span><span style=\"font-weight: 400;\">estamos muy comprometidos en trabajar para garantizar la salud y seguridad de nuestros clientes, por eso, hoy te contamos todo lo que debes saber sobre <\/span><b>c\u00f3mo lavar la mascarilla<\/b><span style=\"font-weight: 400;\">.<\/span><\/p>\n<h2><strong>Tipos de mascarillas y filtros<\/strong><\/h2>\n<p><span style=\"font-weight: 400;\">Lo primero que hay que tener en cuenta cuando hablamos de <\/span><b>c\u00f3mo lavar la mascarilla<\/b><span style=\"font-weight: 400;\">, es el material del que est\u00e1n hechas. As\u00ed, empezaremos cont\u00e1ndote las caracter\u00edsticas de los distintos tipos de mascarillas que existen y su uso recomendado.<\/span><\/p>\n<h3><strong>Mascarillas higi\u00e9nicas<\/strong><\/h3>\n<p><span style=\"font-weight: 400;\">El filtro de este tipo de mascarillas protege de dentro hacia fuera, por eso son conocidas como mascarillas solidarias: si todos las llevamos, no propagamos el virus. \u00c9stas, son las que seg\u00fan el Ministerio de Consumo, deber\u00edan usar las personas sanas.<\/span><\/p>\n<p><span style=\"font-weight: 400;\">La normativa para las mascarillas higi\u00e9nicas es la siguiente:<\/span><\/p>\n<ul>\n<li><span style=\"font-weight: 400;\">\u00a0<\/span><b>Reutilizables<\/b><span style=\"font-weight: 400;\">. Deben cumplir con la norma UNE 0065-2020, que especifica que la Eficacia de Filtraci\u00f3n Bacteriana (de en adelante EFB) debe ser \u2265 90 y la respirabilidad debe ser &lt; 60.<\/span><\/li>\n<li><b>No reutilizables<\/b>. Deben cumplir con la norma UNE 0064-2020, seg\u00fan la que la EFB debe ser \u2265 95 y la respirabilidad debe ser &lt; 60.<\/li>\n<\/ul>\n<p><span style=\"font-weight: 400;\">En caso de elegirlas reutilizables, el fabricante indicar\u00e1 el n\u00famero de lavados durante los que se garantiza su eficacia. En cualquier caso, no se recomienda usar la misma mascarilla higi\u00e9nica (reutilizable o no) durante m\u00e1s de 4 horas.<\/span><\/p>\n<p><span style=\"font-weight: 400;\">Si se humedece o deteriora, deberemos cambiarla por otra.<\/span><\/p>\n<h3><strong>Mascarillas quir\u00fargicas<\/strong><\/h3>\n<p><span style=\"font-weight: 400;\">Estas mascarillas usan el mismo tipo de filtro que las anteriores, es decir, protegen de dentro hacia fuera, aunque tambi\u00e9n ofrecen una protecci\u00f3n parcial de fuera hacia dentro. Estas deber\u00edan ser las elegidas por personas sintom\u00e1ticas o asintom\u00e1ticas positivas.<\/span><\/p>\n<p><span style=\"font-weight: 400;\">Las hay de Tipo I (EFB de m\u00e1s del 95%) y de Tipo II (EFB de m\u00e1s del 98%). Para asegurarnos de que cumplen con la normativa, en el etiquetado deben aparecer el sello CE y la referencia a la norma <\/span><b>UNE EN 14683.<\/b><\/p>\n<p><span style=\"font-weight: 400;\">Como las anteriores, no deben usarse por m\u00e1s de 4 horas y deben cambiarse si se humedecen.<\/span><\/p>\n<h3><strong>EPI o mascarillas autofiltrantes<\/strong><\/h3>\n<p><span style=\"font-weight: 400;\">Las EPI (Equipos de Protecci\u00f3n Individual) filtran el aire inhalado, de forma que evitan la entrada de part\u00edculas contaminantes en nuestro organismo. Por todo esto, son las que deber\u00edan usar los miembros del colectivo sanitario o el personal que vaya a entrar en contacto con positivos de Covid-19, ya que adem\u00e1s de proteger a los dem\u00e1s, tambi\u00e9n protegen a quien las lleva puestas.<\/span><\/p>\n<p><span style=\"font-weight: 400;\">Seg\u00fan el grado de protecci\u00f3n que ofrecen se pueden dividir en 3 tipos: FPP1, FPP2 y FPP3, siendo estas \u00faltimas las que m\u00e1s protegen.<\/span><\/p>\n<p><span style=\"font-weight: 400;\">En cuanto a la normativa, debemos buscar en el etiquetado lo siguiente:<\/span><\/p>\n<ul>\n<li><span style=\"font-weight: 400;\">Sello CE<\/span><\/li>\n<li>Referencia a la norma UNE EN-149<\/li>\n<li>Tipo de mascarilla (FPP1, FPP2, FPP3) y filtro (P1, P2, P3)<\/li>\n<li>Si son reutilizables se indicar\u00e1 as\u00ed: R. Y si no lo son se indicar\u00e1 as\u00ed: NR<\/li>\n<\/ul>\n<p><span style=\"font-weight: 400;\">\u00a0<\/span><span style=\"font-weight: 400;\">Una vez m\u00e1s, no deben usarse durante m\u00e1s de 4 horas y deben cambiarse si se humedecen.<\/span><\/p>\n<h2><span style=\"font-weight: 400;\">\u00a0<\/span><strong>Marcas de mascarillas lavables<\/strong><\/h2>\n<p><span style=\"font-weight: 400;\">Una vez ya sabemos los tipos de mascarillas que existen y antes de ver <\/span><b>c\u00f3mo lavar la mascarilla<\/b><span style=\"font-weight: 400;\">, te recomendamos algunas lavables para que tu y los tuyos os protej\u00e1is del virus y protej\u00e1is el medio ambiente.<\/span><\/p>\n<ul>\n<li><a href=\"https:\/\/nococomplementos.com\/tienda\/mascarillas\/\" rel=\"nofollow\"><span style=\"font-weight: 400;\">Noco Complementos<\/span><\/a><span style=\"font-weight: 400;\">. Mascarillas de tela homologadas, lavables y reutilizables. Eficacia del 96% contra la filtraci\u00f3n bacteriana. Dise\u00f1adas y producidas en Espa\u00f1a.<\/span><\/li>\n<li><a href=\"https:\/\/misswood.eu\/products\/miss-wood-mask\" rel=\"nofollow\"><span style=\"font-weight: 400;\">Miss Wood<\/span><\/a><span style=\"font-weight: 400;\">. Mascarillas de producci\u00f3n local de algod\u00f3n org\u00e1nico con EFB del 92% y respirabilidad &lt; 34.<\/span><\/li>\n<li><a href=\"https:\/\/www.eseoese.com\/mascarillas-de-proteccion\" rel=\"nofollow\"><span style=\"font-weight: 400;\">eseOese<\/span><\/a><span style=\"font-weight: 400;\">. Mascarillas hidr\u00f3fugas y reutilizables con filtro incorporado y tejido certificado por la norma UNE 0065:2020.<\/span><\/li>\n<\/ul>\n<p><img class=\"alignright wp-image-15492\" title=\"Desinfecta la mascarillas cada 2 o 3 d\u00edas\" src=\"https:\/\/blog.washrocks.com\/wp-content\/uploads\/2020\/11\/face-mask-4986596_1920-300x200.jpg\" alt=\"Toma precauciones cuando te toque desinfectar la mascarilla\" width=\"537\" height=\"358\" srcset=\"https:\/\/washrocks.com\/blog\/wp-content\/uploads\/2020\/11\/face-mask-4986596_1920-200x133.jpg 200w, https:\/\/washrocks.com\/blog\/wp-content\/uploads\/2020\/11\/face-mask-4986596_1920-300x200.jpg 300w, https:\/\/washrocks.com\/blog\/wp-content\/uploads\/2020\/11\/face-mask-4986596_1920-400x267.jpg 400w, https:\/\/washrocks.com\/blog\/wp-content\/uploads\/2020\/11\/face-mask-4986596_1920-600x400.jpg 600w, https:\/\/washrocks.com\/blog\/wp-content\/uploads\/2020\/11\/face-mask-4986596_1920-768x512.jpg 768w, https:\/\/washrocks.com\/blog\/wp-content\/uploads\/2020\/11\/face-mask-4986596_1920-800x533.jpg 800w, https:\/\/washrocks.com\/blog\/wp-content\/uploads\/2020\/11\/face-mask-4986596_1920-1024x683.jpg 1024w, https:\/\/washrocks.com\/blog\/wp-content\/uploads\/2020\/11\/face-mask-4986596_1920-1200x800.jpg 1200w, https:\/\/washrocks.com\/blog\/wp-content\/uploads\/2020\/11\/face-mask-4986596_1920.jpg 1920w\" sizes=\"(max-width: 537px) 100vw, 537px\" \/><\/p>\n<h2><b>C\u00f3mo lavar las mascarillas de tela<\/b><\/h2>\n<p><span style=\"font-weight: 400;\">Ya sabemos todos los tipos de mascarilla que hay ahora mismo en el mercado, la normativa que deben seguir en funci\u00f3n de si son reutilizables o no, y algunos lugares donde podemos adquirir mascarillas de tela certificadas.<\/span><\/p>\n<p><span style=\"font-weight: 400;\">Ahora, te contamos <\/span><b>c\u00f3mo lavar y desinfectar la mascarilla<\/b><span style=\"font-weight: 400;\">\u00a0siguiendo los 3 m\u00e9todos que propone el Ministerio de Sanidad.<\/span><\/p>\n<ul>\n<li><b>Lavado en la lavadora<\/b><span style=\"font-weight: 400;\"> (ciclo normal) con detergente normal y con el agua a una temperatura de entre <\/span><b>60\u00ba y 90\u00ba<\/b><span style=\"font-weight: 400;\">.<\/span><\/li>\n<li>Sumergir la mascarilla durante 30 minutos en una <b>disoluci\u00f3n de lej\u00eda 1:50 con agua tibia<\/b>. Despu\u00e9s habr\u00e1 que lavar la mascarilla con agua y jab\u00f3n abundantes para asegurarnos de que eliminamos bien cualquier resto de lej\u00eda.<\/li>\n<li>Finalmente, tambi\u00e9n podr\u00e1n usarse <b>productos virucidas autorizados por el Ministerio de Sanidad<\/b> para uso ambiental y que se encuentran registrados para uso p\u00fablico en general. De todos modos, siempre hay que seguir las recomendaciones del fabricante. Despu\u00e9s, tendremos que lavar la mascarilla con abundante agua y jab\u00f3n para eliminar todos los qu\u00edmicos. De esta manera podremos lavar la mascarilla sin problemas.<\/li>\n<\/ul>\n<p><span style=\"font-weight: 400;\">Te recordamos que <\/span><b>ser\u00e1 el fabricante quien indique en la etiqueta los lavados que aguanta cada mascarilla<\/b><span style=\"font-weight: 400;\"> para seguir manteniendo sus propiedades protectoras. Evita lavar y lavar la mascarilla m\u00e1s veces de las recomendadas. As\u00ed que&#8230; \u00a1L\u00e9ela bien!<\/span><\/p>\n<h2><strong>Washrocks, tu servicio de lavander\u00eda y <a href=\"http:\/\/washrocks.com\">tintorer\u00eda a domicilio<\/a><\/strong><\/h2>\n<p><span style=\"font-weight: 400;\">Desde Washrocks nos comprometemos a<\/span><a href=\"https:\/\/washrocks.com\/prevencion-coronavirus-tintoreria\/\"> <span style=\"font-weight: 400;\">garantizar la salud<\/span><\/a><span style=\"font-weight: 400;\"> de todos nuestros clientes, por lo que nos hemos sumado a todas las medidas y recomendaciones de protecci\u00f3n y prevenci\u00f3n de contagio proporcionadas por el Ministerio de Sanidad y la OMS.<\/span><\/p>\n<p><span style=\"font-weight: 400;\">Entre muchas otras medidas, desinfectamos las furgonetas, aseguramos la higiene durante todo el proceso de manipulaci\u00f3n y lavado de las prendas, siempre usamos guantes y mascarilla, y te ofrecemos art\u00edculos como este, en el que te contamos todo lo que debes saber sobre los tipos de filtros y <\/span><b>c\u00f3mo lavar la mascarilla<\/b><span style=\"font-weight: 400;\">\u00a0en casa.<\/span><\/p>\n<!-- Begin Yuzo --><div class='yuzo_related_post style-1'  data-version='5.12.90'><!-- without result --><div class='yuzo_clearfixed yuzo__title yuzo__title'><h3>Entradas relacionadas de nuestro blog de tintorer\u00eda<\/h3><\/div>\n\t\t\t\t\t\t  <div class=\"relatedthumb box_shadow_related\" style=\"width:px;float:left;overflow:hidden;\">  \n\t\t\t\t\t\t\t  \n\t\t\t\t\t\t\t  <a  href=\"https:\/\/washrocks.com\/blog\/test-etiquetas-de-la-ropa\/\"  >\n\t\t\t\t\t\t\t\t\t  <div class=\"yuzo-img-wrap \" style=\"width: px;height:px;\">\n\t\t\t\t\t\t\t\t\t\t\n\t\t\t\t\t\t\t\t\t\t<div class=\"yuzo-img\" style=\"background:url('https:\/\/washrocks.com\/blog\/wp-content\/uploads\/2017\/02\/Portada1-300x133.jpg') 50% 50% no-repeat;width: px;height:px;margin-bottom: 5px;background-size: cover; \"><\/div>\n\t\t\t\t\t\t\t\t\t  <\/div>\n\t\t\t\t\t\t\t\t\t  \n\t\t\t\t\t\t\t\t   <span class=\"yuzo__text--title\" style=\"font-size:13px;font-weight:bold;\">WR Quiz: El test de las etiquetas de la ropa<\/span>\n\t\t\t\t\t\t\t  \n\t\t\t\t\t\t\t  \n\t\t\t\t\t\t\t  <\/a>\n\n\t\t\t\t\t\t  <\/div>\n\t\t\t\t\t\t  <div class=\"relatedthumb box_shadow_related\" style=\"width:px;float:left;overflow:hidden;\">  \n\t\t\t\t\t\t\t  \n\t\t\t\t\t\t\t  <a  href=\"https:\/\/washrocks.com\/blog\/cuanto-puede-costar-transformar-un-abrigo-de-piel-descubrelo-aqui-2\/\"  >\n\t\t\t\t\t\t\t\t\t  <div class=\"yuzo-img-wrap \" style=\"width: px;height:px;\">\n\t\t\t\t\t\t\t\t\t\t\n\t\t\t\t\t\t\t\t\t\t<div class=\"yuzo-img\" style=\"background:url('https:\/\/washrocks.com\/blog\/wp-content\/uploads\/abrigo-piel-transformacion.jpg') 50% 50% no-repeat;width: px;height:px;margin-bottom: 5px;background-size: cover; \"><\/div>\n\t\t\t\t\t\t\t\t\t  <\/div>\n\t\t\t\t\t\t\t\t\t  \n\t\t\t\t\t\t\t\t   <span class=\"yuzo__text--title\" style=\"font-size:13px;font-weight:bold;\">\u00bfCu\u00e1nto puede costar transformar un abrigo de piel? Desc\u00fabre...<\/span>\n\t\t\t\t\t\t\t  \n\t\t\t\t\t\t\t  \n\t\t\t\t\t\t\t  <\/a>\n\n\t\t\t\t\t\t  <\/div>\n\t\t\t\t\t\t  <div class=\"relatedthumb box_shadow_related\" style=\"width:px;float:left;overflow:hidden;\">  \n\t\t\t\t\t\t\t  \n\t\t\t\t\t\t\t  <a  href=\"https:\/\/washrocks.com\/blog\/como-quitar-el-mal-olor-de-los-zapatos-soluciones-efectivas\/\"  >\n\t\t\t\t\t\t\t\t\t  <div class=\"yuzo-img-wrap \" style=\"width: px;height:px;\">\n\t\t\t\t\t\t\t\t\t\t\n\t\t\t\t\t\t\t\t\t\t<div class=\"yuzo-img\" style=\"background:url('https:\/\/washrocks.com\/blog\/wp-content\/uploads\/2025\/08\/file-1756278526-300x300.png') 50% 50% no-repeat;width: px;height:px;margin-bottom: 5px;background-size: cover; \"><\/div>\n\t\t\t\t\t\t\t\t\t  <\/div>\n\t\t\t\t\t\t\t\t\t  \n\t\t\t\t\t\t\t\t   <span class=\"yuzo__text--title\" style=\"font-size:13px;font-weight:bold;\">\u00bfC\u00f3mo quitar el mal olor de los zapatos? Soluciones efectiva...<\/span>\n\t\t\t\t\t\t\t  \n\t\t\t\t\t\t\t  \n\t\t\t\t\t\t\t  <\/a>\n\n\t\t\t\t\t\t  <\/div>\n\t\t\t\t\t\t  <div class=\"relatedthumb box_shadow_related\" style=\"width:px;float:left;overflow:hidden;\">  \n\t\t\t\t\t\t\t  \n\t\t\t\t\t\t\t  <a  href=\"https:\/\/washrocks.com\/blog\/porque-huele-mal-la-lavadora-causas-y-soluciones\/\"  >\n\t\t\t\t\t\t\t\t\t  <div class=\"yuzo-img-wrap \" style=\"width: px;height:px;\">\n\t\t\t\t\t\t\t\t\t\t\n\t\t\t\t\t\t\t\t\t\t<div class=\"yuzo-img\" style=\"background:url('https:\/\/washrocks.com\/blog\/wp-content\/uploads\/2025\/06\/file-1749539235-300x140.png') 50% 50% no-repeat;width: px;height:px;margin-bottom: 5px;background-size: cover; \"><\/div>\n\t\t\t\t\t\t\t\t\t  <\/div>\n\t\t\t\t\t\t\t\t\t  \n\t\t\t\t\t\t\t\t   <span class=\"yuzo__text--title\" style=\"font-size:13px;font-weight:bold;\">\u00bfPorque huele mal la lavadora? Causas y soluciones<\/span>\n\t\t\t\t\t\t\t  \n\t\t\t\t\t\t\t  \n\t\t\t\t\t\t\t  <\/a>\n\n\t\t\t\t\t\t  <\/div>\n<\/div> <script>\n\t\t\t\t\t\t  jQuery(document).ready(function( $ ){\n\t\t\t\t\t\t\t\/\/jQuery('.yuzo_related_post').equalizer({ overflow : 'relatedthumb' });\n\t\t\t\t\t\t\tjQuery('.yuzo_related_post .yuzo_wraps').equalizer({ columns : '> div' });\n\t\t\t\t\t\t   })\n\t\t\t\t\t\t  <\/script> <!-- End Yuzo :) -->","protected":false},"excerpt":{"rendered":"<p>Si hay una prenda que est\u00e1 \u201cmarcando tendencia\u201d este 2020 esta es, sin duda alguna, la mascarilla. Adem\u00e1s lavar la mascarilla se ha convertido en nuestra obsesi\u00f3n constante. Recientemente hemos empezado a o\u00edr hablar sobre los contagios de Covid-19 a trav\u00e9s de los aerosoles: esas peque\u00f1as part\u00edculas que quedan suspendidas en el aire y que [&hellip;]<\/p>\n","protected":false},"author":1,"featured_media":15493,"comment_status":"open","ping_status":"open","sticky":false,"template":"","format":"standard","meta":{"footnotes":""},"categories":[827,597],"tags":[],"class_list":["post-15490","post","type-post","status-publish","format-standard","has-post-thumbnail","hentry","category-consejos-lavado","category-lavanderia"],"_wp_attached_file":null,"_wp_attachment_metadata":null,"_wp_page_template":null,"blogger_bid":null,"blogger_blog":null,"blogger_id":null,"blogger_author":null,"pyre_link_icon_url":"","pyre_post_links_target":"no","yoast_head":"<!-- This site is optimized with the Yoast SEO plugin v27.1.1 - https:\/\/yoast.com\/product\/yoast-seo-wordpress\/ -->\n<title>Tips para lavar la mascarilla \u1405 Blog de WASHROCKS<\/title>\n<meta name=\"description\" content=\"Te contamos todo lo que necesitas saber para lavar la mascarilla. Es importante cuidar de ti mismo y de los que est\u00e1n a tu alrededor.\" \/>\n<meta name=\"robots\" content=\"index, follow, max-snippet:-1, max-image-preview:large, max-video-preview:-1\" \/>\n<link rel=\"canonical\" href=\"https:\/\/washrocks.com\/blog\/tips-para-desinfectar-la-mascarilla\/\" \/>\n<meta property=\"og:locale\" content=\"es_ES\" \/>\n<meta property=\"og:type\" content=\"article\" \/>\n<meta property=\"og:title\" content=\"Tips para lavar la mascarilla \u1405 Blog de WASHROCKS\" \/>\n<meta property=\"og:description\" content=\"Te contamos todo lo que necesitas saber para lavar la mascarilla. Es importante cuidar de ti mismo y de los que est\u00e1n a tu alrededor.\" \/>\n<meta property=\"og:url\" content=\"https:\/\/washrocks.com\/blog\/tips-para-desinfectar-la-mascarilla\/\" \/>\n<meta property=\"og:site_name\" content=\"Consejos para cuidar la ropa \u1405 Blog de WASHROCKS\" \/>\n<meta property=\"article:publisher\" content=\"https:\/\/www.facebook.com\/WASHROCKS\/\" \/>\n<meta property=\"article:published_time\" content=\"2020-11-18T17:28:32+00:00\" \/>\n<meta property=\"article:modified_time\" content=\"2020-11-19T10:32:58+00:00\" \/>\n<meta property=\"og:image\" content=\"https:\/\/blog.washrocks.com\/wp-content\/uploads\/2020\/11\/face-mask-5024710_1920.jpg\" \/>\n\t<meta property=\"og:image:width\" content=\"1920\" \/>\n\t<meta property=\"og:image:height\" content=\"1280\" \/>\n\t<meta property=\"og:image:type\" content=\"image\/jpeg\" \/>\n<meta name=\"author\" content=\"washrocks\" \/>\n<meta name=\"twitter:card\" content=\"summary_large_image\" \/>\n<meta name=\"twitter:creator\" content=\"@washrocksapp\" \/>\n<meta name=\"twitter:site\" content=\"@washrocksapp\" \/>\n<meta name=\"twitter:label1\" content=\"Escrito por\" \/>\n\t<meta name=\"twitter:data1\" content=\"washrocks\" \/>\n\t<meta name=\"twitter:label2\" content=\"Tiempo de lectura\" \/>\n\t<meta name=\"twitter:data2\" content=\"5 minutos\" \/>\n<script type=\"application\/ld+json\" class=\"yoast-schema-graph\">{\"@context\":\"https:\/\/schema.org\",\"@graph\":[{\"@type\":\"Article\",\"@id\":\"https:\/\/washrocks.com\/blog\/tips-para-desinfectar-la-mascarilla\/#article\",\"isPartOf\":{\"@id\":\"https:\/\/washrocks.com\/blog\/tips-para-desinfectar-la-mascarilla\/\"},\"author\":{\"name\":\"washrocks\",\"@id\":\"https:\/\/washrocks.com\/blog\/#\/schema\/person\/db6bf13a221d1a1c18ea5954d8bb5022\"},\"headline\":\"Tips para desinfectar la mascarilla\",\"datePublished\":\"2020-11-18T17:28:32+00:00\",\"dateModified\":\"2020-11-19T10:32:58+00:00\",\"mainEntityOfPage\":{\"@id\":\"https:\/\/washrocks.com\/blog\/tips-para-desinfectar-la-mascarilla\/\"},\"wordCount\":1068,\"commentCount\":0,\"publisher\":{\"@id\":\"https:\/\/washrocks.com\/blog\/#organization\"},\"image\":{\"@id\":\"https:\/\/washrocks.com\/blog\/tips-para-desinfectar-la-mascarilla\/#primaryimage\"},\"thumbnailUrl\":\"https:\/\/washrocks.com\/blog\/wp-content\/uploads\/2020\/11\/face-mask-5024710_1920.jpg\",\"articleSection\":[\"Consejos de Lavado\",\"Lavander\u00eda\"],\"inLanguage\":\"es\",\"potentialAction\":[{\"@type\":\"CommentAction\",\"name\":\"Comment\",\"target\":[\"https:\/\/washrocks.com\/blog\/tips-para-desinfectar-la-mascarilla\/#respond\"]}]},{\"@type\":\"WebPage\",\"@id\":\"https:\/\/washrocks.com\/blog\/tips-para-desinfectar-la-mascarilla\/\",\"url\":\"https:\/\/washrocks.com\/blog\/tips-para-desinfectar-la-mascarilla\/\",\"name\":\"Tips para lavar la mascarilla \u1405 Blog de WASHROCKS\",\"isPartOf\":{\"@id\":\"https:\/\/washrocks.com\/blog\/#website\"},\"primaryImageOfPage\":{\"@id\":\"https:\/\/washrocks.com\/blog\/tips-para-desinfectar-la-mascarilla\/#primaryimage\"},\"image\":{\"@id\":\"https:\/\/washrocks.com\/blog\/tips-para-desinfectar-la-mascarilla\/#primaryimage\"},\"thumbnailUrl\":\"https:\/\/washrocks.com\/blog\/wp-content\/uploads\/2020\/11\/face-mask-5024710_1920.jpg\",\"datePublished\":\"2020-11-18T17:28:32+00:00\",\"dateModified\":\"2020-11-19T10:32:58+00:00\",\"description\":\"Te contamos todo lo que necesitas saber para lavar la mascarilla. Es importante cuidar de ti mismo y de los que est\u00e1n a tu alrededor.\",\"breadcrumb\":{\"@id\":\"https:\/\/washrocks.com\/blog\/tips-para-desinfectar-la-mascarilla\/#breadcrumb\"},\"inLanguage\":\"es\",\"potentialAction\":[{\"@type\":\"ReadAction\",\"target\":[\"https:\/\/washrocks.com\/blog\/tips-para-desinfectar-la-mascarilla\/\"]}]},{\"@type\":\"ImageObject\",\"inLanguage\":\"es\",\"@id\":\"https:\/\/washrocks.com\/blog\/tips-para-desinfectar-la-mascarilla\/#primaryimage\",\"url\":\"https:\/\/washrocks.com\/blog\/wp-content\/uploads\/2020\/11\/face-mask-5024710_1920.jpg\",\"contentUrl\":\"https:\/\/washrocks.com\/blog\/wp-content\/uploads\/2020\/11\/face-mask-5024710_1920.jpg\",\"width\":1920,\"height\":1280,\"caption\":\"Te contamos como lavar la mascarilla o como desinfectar la mascarilla\"},{\"@type\":\"BreadcrumbList\",\"@id\":\"https:\/\/washrocks.com\/blog\/tips-para-desinfectar-la-mascarilla\/#breadcrumb\",\"itemListElement\":[{\"@type\":\"ListItem\",\"position\":1,\"name\":\"Portada\",\"item\":\"https:\/\/blog.washrocks.com\/\"},{\"@type\":\"ListItem\",\"position\":2,\"name\":\"Tips para desinfectar la mascarilla\"}]},{\"@type\":\"WebSite\",\"@id\":\"https:\/\/washrocks.com\/blog\/#website\",\"url\":\"https:\/\/washrocks.com\/blog\/\",\"name\":\"Consejos para cuidar la ropa \u1405 Blog de WASHROCKS\",\"description\":\"Trucos y consejos para mejorar tus coladas. Con WASHROCKS podr\u00e1s quitar todo tipo de manchas de tu ropa as\u00ed como lavar tus prendas en casa.\",\"publisher\":{\"@id\":\"https:\/\/washrocks.com\/blog\/#organization\"},\"potentialAction\":[{\"@type\":\"SearchAction\",\"target\":{\"@type\":\"EntryPoint\",\"urlTemplate\":\"https:\/\/washrocks.com\/blog\/?s={search_term_string}\"},\"query-input\":{\"@type\":\"PropertyValueSpecification\",\"valueRequired\":true,\"valueName\":\"search_term_string\"}}],\"inLanguage\":\"es\"},{\"@type\":\"Organization\",\"@id\":\"https:\/\/washrocks.com\/blog\/#organization\",\"name\":\"WASHROCKS\",\"url\":\"https:\/\/washrocks.com\/blog\/\",\"logo\":{\"@type\":\"ImageObject\",\"inLanguage\":\"es\",\"@id\":\"https:\/\/washrocks.com\/blog\/#\/schema\/logo\/image\/\",\"url\":\"https:\/\/washrocks.com\/blog\/wp-content\/uploads\/2017\/03\/washrocks_logo.png\",\"contentUrl\":\"https:\/\/washrocks.com\/blog\/wp-content\/uploads\/2017\/03\/washrocks_logo.png\",\"width\":56,\"height\":54,\"caption\":\"WASHROCKS\"},\"image\":{\"@id\":\"https:\/\/washrocks.com\/blog\/#\/schema\/logo\/image\/\"},\"sameAs\":[\"https:\/\/www.facebook.com\/WASHROCKS\/\",\"https:\/\/x.com\/washrocksapp\",\"https:\/\/www.instagram.com\/washrocks\/\",\"https:\/\/www.linkedin.com\/company\/washrocks\",\"https:\/\/www.youtube.com\/channel\/UC-hi_47p1d3HMvXvRtTJWtg\"]},{\"@type\":\"Person\",\"@id\":\"https:\/\/washrocks.com\/blog\/#\/schema\/person\/db6bf13a221d1a1c18ea5954d8bb5022\",\"name\":\"washrocks\",\"image\":{\"@type\":\"ImageObject\",\"inLanguage\":\"es\",\"@id\":\"https:\/\/washrocks.com\/blog\/#\/schema\/person\/image\/\",\"url\":\"https:\/\/secure.gravatar.com\/avatar\/7372d76b49182192f2709e80403d8d02db7dede65eed52f38f67a08ef4272f46?s=96&d=mm&r=g\",\"contentUrl\":\"https:\/\/secure.gravatar.com\/avatar\/7372d76b49182192f2709e80403d8d02db7dede65eed52f38f67a08ef4272f46?s=96&d=mm&r=g\",\"caption\":\"washrocks\"}}]}<\/script>\n<!-- \/ Yoast SEO plugin. -->","yoast_head_json":{"title":"Tips para lavar la mascarilla \u1405 Blog de WASHROCKS","description":"Te contamos todo lo que necesitas saber para lavar la mascarilla. Es importante cuidar de ti mismo y de los que est\u00e1n a tu alrededor.","robots":{"index":"index","follow":"follow","max-snippet":"max-snippet:-1","max-image-preview":"max-image-preview:large","max-video-preview":"max-video-preview:-1"},"canonical":"https:\/\/washrocks.com\/blog\/tips-para-desinfectar-la-mascarilla\/","og_locale":"es_ES","og_type":"article","og_title":"Tips para lavar la mascarilla \u1405 Blog de WASHROCKS","og_description":"Te contamos todo lo que necesitas saber para lavar la mascarilla. Es importante cuidar de ti mismo y de los que est\u00e1n a tu alrededor.","og_url":"https:\/\/washrocks.com\/blog\/tips-para-desinfectar-la-mascarilla\/","og_site_name":"Consejos para cuidar la ropa \u1405 Blog de WASHROCKS","article_publisher":"https:\/\/www.facebook.com\/WASHROCKS\/","article_published_time":"2020-11-18T17:28:32+00:00","article_modified_time":"2020-11-19T10:32:58+00:00","og_image":[{"width":1920,"height":1280,"url":"https:\/\/blog.washrocks.com\/wp-content\/uploads\/2020\/11\/face-mask-5024710_1920.jpg","type":"image\/jpeg"}],"author":"washrocks","twitter_card":"summary_large_image","twitter_creator":"@washrocksapp","twitter_site":"@washrocksapp","twitter_misc":{"Escrito por":"washrocks","Tiempo de lectura":"5 minutos"},"schema":{"@context":"https:\/\/schema.org","@graph":[{"@type":"Article","@id":"https:\/\/washrocks.com\/blog\/tips-para-desinfectar-la-mascarilla\/#article","isPartOf":{"@id":"https:\/\/washrocks.com\/blog\/tips-para-desinfectar-la-mascarilla\/"},"author":{"name":"washrocks","@id":"https:\/\/washrocks.com\/blog\/#\/schema\/person\/db6bf13a221d1a1c18ea5954d8bb5022"},"headline":"Tips para desinfectar la mascarilla","datePublished":"2020-11-18T17:28:32+00:00","dateModified":"2020-11-19T10:32:58+00:00","mainEntityOfPage":{"@id":"https:\/\/washrocks.com\/blog\/tips-para-desinfectar-la-mascarilla\/"},"wordCount":1068,"commentCount":0,"publisher":{"@id":"https:\/\/washrocks.com\/blog\/#organization"},"image":{"@id":"https:\/\/washrocks.com\/blog\/tips-para-desinfectar-la-mascarilla\/#primaryimage"},"thumbnailUrl":"https:\/\/washrocks.com\/blog\/wp-content\/uploads\/2020\/11\/face-mask-5024710_1920.jpg","articleSection":["Consejos de Lavado","Lavander\u00eda"],"inLanguage":"es","potentialAction":[{"@type":"CommentAction","name":"Comment","target":["https:\/\/washrocks.com\/blog\/tips-para-desinfectar-la-mascarilla\/#respond"]}]},{"@type":"WebPage","@id":"https:\/\/washrocks.com\/blog\/tips-para-desinfectar-la-mascarilla\/","url":"https:\/\/washrocks.com\/blog\/tips-para-desinfectar-la-mascarilla\/","name":"Tips para lavar la mascarilla \u1405 Blog de WASHROCKS","isPartOf":{"@id":"https:\/\/washrocks.com\/blog\/#website"},"primaryImageOfPage":{"@id":"https:\/\/washrocks.com\/blog\/tips-para-desinfectar-la-mascarilla\/#primaryimage"},"image":{"@id":"https:\/\/washrocks.com\/blog\/tips-para-desinfectar-la-mascarilla\/#primaryimage"},"thumbnailUrl":"https:\/\/washrocks.com\/blog\/wp-content\/uploads\/2020\/11\/face-mask-5024710_1920.jpg","datePublished":"2020-11-18T17:28:32+00:00","dateModified":"2020-11-19T10:32:58+00:00","description":"Te contamos todo lo que necesitas saber para lavar la mascarilla. Es importante cuidar de ti mismo y de los que est\u00e1n a tu alrededor.","breadcrumb":{"@id":"https:\/\/washrocks.com\/blog\/tips-para-desinfectar-la-mascarilla\/#breadcrumb"},"inLanguage":"es","potentialAction":[{"@type":"ReadAction","target":["https:\/\/washrocks.com\/blog\/tips-para-desinfectar-la-mascarilla\/"]}]},{"@type":"ImageObject","inLanguage":"es","@id":"https:\/\/washrocks.com\/blog\/tips-para-desinfectar-la-mascarilla\/#primaryimage","url":"https:\/\/washrocks.com\/blog\/wp-content\/uploads\/2020\/11\/face-mask-5024710_1920.jpg","contentUrl":"https:\/\/washrocks.com\/blog\/wp-content\/uploads\/2020\/11\/face-mask-5024710_1920.jpg","width":1920,"height":1280,"caption":"Te contamos como lavar la mascarilla o como desinfectar la mascarilla"},{"@type":"BreadcrumbList","@id":"https:\/\/washrocks.com\/blog\/tips-para-desinfectar-la-mascarilla\/#breadcrumb","itemListElement":[{"@type":"ListItem","position":1,"name":"Portada","item":"https:\/\/blog.washrocks.com\/"},{"@type":"ListItem","position":2,"name":"Tips para desinfectar la mascarilla"}]},{"@type":"WebSite","@id":"https:\/\/washrocks.com\/blog\/#website","url":"https:\/\/washrocks.com\/blog\/","name":"Consejos para cuidar la ropa \u1405 Blog de WASHROCKS","description":"Trucos y consejos para mejorar tus coladas. Con WASHROCKS podr\u00e1s quitar todo tipo de manchas de tu ropa as\u00ed como lavar tus prendas en casa.","publisher":{"@id":"https:\/\/washrocks.com\/blog\/#organization"},"potentialAction":[{"@type":"SearchAction","target":{"@type":"EntryPoint","urlTemplate":"https:\/\/washrocks.com\/blog\/?s={search_term_string}"},"query-input":{"@type":"PropertyValueSpecification","valueRequired":true,"valueName":"search_term_string"}}],"inLanguage":"es"},{"@type":"Organization","@id":"https:\/\/washrocks.com\/blog\/#organization","name":"WASHROCKS","url":"https:\/\/washrocks.com\/blog\/","logo":{"@type":"ImageObject","inLanguage":"es","@id":"https:\/\/washrocks.com\/blog\/#\/schema\/logo\/image\/","url":"https:\/\/washrocks.com\/blog\/wp-content\/uploads\/2017\/03\/washrocks_logo.png","contentUrl":"https:\/\/washrocks.com\/blog\/wp-content\/uploads\/2017\/03\/washrocks_logo.png","width":56,"height":54,"caption":"WASHROCKS"},"image":{"@id":"https:\/\/washrocks.com\/blog\/#\/schema\/logo\/image\/"},"sameAs":["https:\/\/www.facebook.com\/WASHROCKS\/","https:\/\/x.com\/washrocksapp","https:\/\/www.instagram.com\/washrocks\/","https:\/\/www.linkedin.com\/company\/washrocks","https:\/\/www.youtube.com\/channel\/UC-hi_47p1d3HMvXvRtTJWtg"]},{"@type":"Person","@id":"https:\/\/washrocks.com\/blog\/#\/schema\/person\/db6bf13a221d1a1c18ea5954d8bb5022","name":"washrocks","image":{"@type":"ImageObject","inLanguage":"es","@id":"https:\/\/washrocks.com\/blog\/#\/schema\/person\/image\/","url":"https:\/\/secure.gravatar.com\/avatar\/7372d76b49182192f2709e80403d8d02db7dede65eed52f38f67a08ef4272f46?s=96&d=mm&r=g","contentUrl":"https:\/\/secure.gravatar.com\/avatar\/7372d76b49182192f2709e80403d8d02db7dede65eed52f38f67a08ef4272f46?s=96&d=mm&r=g","caption":"washrocks"}}]}},"_links":{"self":[{"href":"https:\/\/washrocks.com\/blog\/wp-json\/wp\/v2\/posts\/15490","targetHints":{"allow":["GET"]}}],"collection":[{"href":"https:\/\/washrocks.com\/blog\/wp-json\/wp\/v2\/posts"}],"about":[{"href":"https:\/\/washrocks.com\/blog\/wp-json\/wp\/v2\/types\/post"}],"author":[{"embeddable":true,"href":"https:\/\/washrocks.com\/blog\/wp-json\/wp\/v2\/users\/1"}],"replies":[{"embeddable":true,"href":"https:\/\/washrocks.com\/blog\/wp-json\/wp\/v2\/comments?post=15490"}],"version-history":[{"count":4,"href":"https:\/\/washrocks.com\/blog\/wp-json\/wp\/v2\/posts\/15490\/revisions"}],"predecessor-version":[{"id":15497,"href":"https:\/\/washrocks.com\/blog\/wp-json\/wp\/v2\/posts\/15490\/revisions\/15497"}],"wp:featuredmedia":[{"embeddable":true,"href":"https:\/\/washrocks.com\/blog\/wp-json\/wp\/v2\/media\/15493"}],"wp:attachment":[{"href":"https:\/\/washrocks.com\/blog\/wp-json\/wp\/v2\/media?parent=15490"}],"wp:term":[{"taxonomy":"category","embeddable":true,"href":"https:\/\/washrocks.com\/blog\/wp-json\/wp\/v2\/categories?post=15490"},{"taxonomy":"post_tag","embeddable":true,"href":"https:\/\/washrocks.com\/blog\/wp-json\/wp\/v2\/tags?post=15490"}],"curies":[{"name":"wp","href":"https:\/\/api.w.org\/{rel}","templated":true}]}}